[{"@context":"https:\/\/schema.org\/","@type":"Blog","@id":"https:\/\/www.naab.cz#Blog","headline":"Naab","description":"\nJsou weby, na kter\u00fdch \u010dlov\u011bk nenalezne uspokojen\u00ed sv\u00fdch pot\u0159eb, a jsou i ty, na jejich\u017e vyu\u017eit\u00ed doplat\u00ed. Ale to ur\u010dit\u011b nen\u00ed p\u0159\u00edpad tohoto webu.","url":"https:\/\/www.naab.cz","hasPart":[{"@type":"Article","@id":"https:\/\/www.naab.cz\/kazdy-ma-pravo-na-zivot-i-uspech\/","headline":"Ka\u017ed\u00fd m\u00e1 pr\u00e1vo na \u017eivot i \u00fasp\u011bch","url":"https:\/\/www.naab.cz\/kazdy-ma-pravo-na-zivot-i-uspech\/","datePublished":"2018-02-21","dateModified":"2018-02-21","mainEntityOfPage":"https:\/\/www.naab.cz\/kazdy-ma-pravo-na-zivot-i-uspech\/","author":{"@type":"Person","@id":"https:\/\/www.naab.cz\/author\/#Person","name":"","url":"https:\/\/www.naab.cz\/author\/","identifier":1,"image":{"@type":"ImageObject","@id":"https:\/\/secure.gravatar.com\/avatar\/091b4d684e9af597ec9885a078917281e353fb1084ff05c94355123dbb14e899?s=96&d=mm&r=g","url":"https:\/\/secure.gravatar.com\/avatar\/091b4d684e9af597ec9885a078917281e353fb1084ff05c94355123dbb14e899?s=96&d=mm&r=g","height":96,"width":96}},"publisher":{"@type":"Organization","name":"naab.cz","logo":{"@type":"ImageObject","@id":"\/logo.png","url":"\/logo.png","width":600,"height":60}},"image":{"@type":"ImageObject","@id":"https:\/\/www.naab.cz\/wp-content\/uploads\/img_a310715_w2227_t1521636363.jpg","url":"https:\/\/www.naab.cz\/wp-content\/uploads\/img_a310715_w2227_t1521636363.jpg","height":0,"width":0},"wordCount":507,"keywords":null},{"@type":"Article","@id":"https:\/\/www.naab.cz\/v-praze-nasednete-a-vystoupite-primo-na-miste\/","headline":"V Praze nasednete a vystoup\u00edte p\u0159\u00edmo na m\u00edst\u011b","url":"https:\/\/www.naab.cz\/v-praze-nasednete-a-vystoupite-primo-na-miste\/","datePublished":"2018-02-19","dateModified":"2018-02-19","mainEntityOfPage":"https:\/\/www.naab.cz\/v-praze-nasednete-a-vystoupite-primo-na-miste\/","author":{"@type":"Person","@id":"https:\/\/www.naab.cz\/author\/#Person","name":"","url":"https:\/\/www.naab.cz\/author\/","identifier":1,"image":{"@type":"ImageObject","@id":"https:\/\/secure.gravatar.com\/avatar\/091b4d684e9af597ec9885a078917281e353fb1084ff05c94355123dbb14e899?s=96&d=mm&r=g","url":"https:\/\/secure.gravatar.com\/avatar\/091b4d684e9af597ec9885a078917281e353fb1084ff05c94355123dbb14e899?s=96&d=mm&r=g","height":96,"width":96}},"publisher":{"@type":"Organization","name":"naab.cz","logo":{"@type":"ImageObject","@id":"\/logo.png","url":"\/logo.png","width":600,"height":60}},"image":{"@type":"ImageObject","@id":"https:\/\/www.naab.cz\/wp-content\/uploads\/img_a310298_w1781_t1521199513.jpg","url":"https:\/\/www.naab.cz\/wp-content\/uploads\/img_a310298_w1781_t1521199513.jpg","height":0,"width":0},"wordCount":503,"keywords":null},{"@type":"Article","@id":"https:\/\/www.naab.cz\/zacnete-resit-sve-problemy-s-erekci\/","headline":"Za\u010dn\u011bte \u0159e\u0161it sv\u00e9 probl\u00e9my s erekc\u00ed","url":"https:\/\/www.naab.cz\/zacnete-resit-sve-problemy-s-erekci\/","datePublished":"2018-02-18","dateModified":"2018-02-18","mainEntityOfPage":"https:\/\/www.naab.cz\/zacnete-resit-sve-problemy-s-erekci\/","author":{"@type":"Person","@id":"https:\/\/www.naab.cz\/author\/#Person","name":"","url":"https:\/\/www.naab.cz\/author\/","identifier":1,"image":{"@type":"ImageObject","@id":"https:\/\/secure.gravatar.com\/avatar\/091b4d684e9af597ec9885a078917281e353fb1084ff05c94355123dbb14e899?s=96&d=mm&r=g","url":"https:\/\/secure.gravatar.com\/avatar\/091b4d684e9af597ec9885a078917281e353fb1084ff05c94355123dbb14e899?s=96&d=mm&r=g","height":96,"width":96}},"publisher":{"@type":"Organization","name":"naab.cz","logo":{"@type":"ImageObject","@id":"\/logo.png","url":"\/logo.png","width":600,"height":60}},"image":{"@type":"ImageObject","@id":"https:\/\/www.naab.cz\/wp-content\/uploads\/img_a311938_w2134_t1523014347.jpg","url":"https:\/\/www.naab.cz\/wp-content\/uploads\/img_a311938_w2134_t1523014347.jpg","height":0,"width":0},"wordCount":580,"keywords":null},{"@type":"Article","@id":"https:\/\/www.naab.cz\/lazenske-vikendove-pobyty-nejen-pro-seniory\/","headline":"L\u00e1ze\u0148sk\u00e9 v\u00edkendov\u00e9 pobyty nejen pro seniory","url":"https:\/\/www.naab.cz\/lazenske-vikendove-pobyty-nejen-pro-seniory\/","datePublished":"2018-02-09","dateModified":"2018-02-09","mainEntityOfPage":"https:\/\/www.naab.cz\/lazenske-vikendove-pobyty-nejen-pro-seniory\/","author":{"@type":"Person","@id":"https:\/\/www.naab.cz\/author\/#Person","name":"","url":"https:\/\/www.naab.cz\/author\/","identifier":1,"image":{"@type":"ImageObject","@id":"https:\/\/secure.gravatar.com\/avatar\/091b4d684e9af597ec9885a078917281e353fb1084ff05c94355123dbb14e899?s=96&d=mm&r=g","url":"https:\/\/secure.gravatar.com\/avatar\/091b4d684e9af597ec9885a078917281e353fb1084ff05c94355123dbb14e899?s=96&d=mm&r=g","height":96,"width":96}},"publisher":{"@type":"Organization","name":"naab.cz","logo":{"@type":"ImageObject","@id":"\/logo.png","url":"\/logo.png","width":600,"height":60}},"image":{"@type":"ImageObject","@id":"https:\/\/www.naab.cz\/wp-content\/uploads\/img_a310528_w2435_t1521463203.jpg","url":"https:\/\/www.naab.cz\/wp-content\/uploads\/img_a310528_w2435_t1521463203.jpg","height":0,"width":0},"wordCount":559,"keywords":null},{"@type":"Article","@id":"https:\/\/www.naab.cz\/nohy-jako-z-alabastru\/","headline":"Nohy jako z alabastru","url":"https:\/\/www.naab.cz\/nohy-jako-z-alabastru\/","datePublished":"2018-01-23","dateModified":"2018-01-23","mainEntityOfPage":"https:\/\/www.naab.cz\/nohy-jako-z-alabastru\/","author":{"@type":"Person","@id":"https:\/\/www.naab.cz\/author\/#Person","name":"","url":"https:\/\/www.naab.cz\/author\/","identifier":1,"image":{"@type":"ImageObject","@id":"https:\/\/secure.gravatar.com\/avatar\/091b4d684e9af597ec9885a078917281e353fb1084ff05c94355123dbb14e899?s=96&d=mm&r=g","url":"https:\/\/secure.gravatar.com\/avatar\/091b4d684e9af597ec9885a078917281e353fb1084ff05c94355123dbb14e899?s=96&d=mm&r=g","height":96,"width":96}},"publisher":{"@type":"Organization","name":"naab.cz","logo":{"@type":"ImageObject","@id":"\/logo.png","url":"\/logo.png","width":600,"height":60}},"image":{"@type":"ImageObject","@id":"https:\/\/www.naab.cz\/wp-content\/uploads\/img_a308989_w2227_t1519991307.jpg","url":"https:\/\/www.naab.cz\/wp-content\/uploads\/img_a308989_w2227_t1519991307.jpg","height":0,"width":0},"wordCount":514,"keywords":null},{"@type":"Article","@id":"https:\/\/www.naab.cz\/dekorace-pro-zkrasleni-a-zutulneni-vaseho-domova\/","headline":"Dekorace pro zkr\u00e1\u0161len\u00ed a z\u00fatuln\u011bn\u00ed va\u0161eho domova","url":"https:\/\/www.naab.cz\/dekorace-pro-zkrasleni-a-zutulneni-vaseho-domova\/","datePublished":"2018-01-22","dateModified":"2018-01-22","mainEntityOfPage":"https:\/\/www.naab.cz\/dekorace-pro-zkrasleni-a-zutulneni-vaseho-domova\/","author":{"@type":"Person","@id":"https:\/\/www.naab.cz\/author\/#Person","name":"","url":"https:\/\/www.naab.cz\/author\/","identifier":1,"image":{"@type":"ImageObject","@id":"https:\/\/secure.gravatar.com\/avatar\/091b4d684e9af597ec9885a078917281e353fb1084ff05c94355123dbb14e899?s=96&d=mm&r=g","url":"https:\/\/secure.gravatar.com\/avatar\/091b4d684e9af597ec9885a078917281e353fb1084ff05c94355123dbb14e899?s=96&d=mm&r=g","height":96,"width":96}},"publisher":{"@type":"Organization","name":"naab.cz","logo":{"@type":"ImageObject","@id":"\/logo.png","url":"\/logo.png","width":600,"height":60}},"image":{"@type":"ImageObject","@id":"https:\/\/www.naab.cz\/wp-content\/uploads\/img_a309021_w2093_t1520005617.jpg","url":"https:\/\/www.naab.cz\/wp-content\/uploads\/img_a309021_w2093_t1520005617.jpg","height":0,"width":0},"wordCount":619,"keywords":null},{"@type":"Article","@id":"https:\/\/www.naab.cz\/pronajem-elektrickeho-rozvadece\/","headline":"Pron\u00e1jem elektrick\u00e9ho rozvad\u011b\u010de","url":"https:\/\/www.naab.cz\/pronajem-elektrickeho-rozvadece\/","datePublished":"2018-01-20","dateModified":"2018-01-20","mainEntityOfPage":"https:\/\/www.naab.cz\/pronajem-elektrickeho-rozvadece\/","author":{"@type":"Person","@id":"https:\/\/www.naab.cz\/author\/#Person","name":"","url":"https:\/\/www.naab.cz\/author\/","identifier":1,"image":{"@type":"ImageObject","@id":"https:\/\/secure.gravatar.com\/avatar\/091b4d684e9af597ec9885a078917281e353fb1084ff05c94355123dbb14e899?s=96&d=mm&r=g","url":"https:\/\/secure.gravatar.com\/avatar\/091b4d684e9af597ec9885a078917281e353fb1084ff05c94355123dbb14e899?s=96&d=mm&r=g","height":96,"width":96}},"publisher":{"@type":"Organization","name":"naab.cz","logo":{"@type":"ImageObject","@id":"\/logo.png","url":"\/logo.png","width":600,"height":60}},"image":{"@type":"ImageObject","@id":"https:\/\/www.naab.cz\/wp-content\/uploads\/img_a310180_w1944_t1521111158.jpg","url":"https:\/\/www.naab.cz\/wp-content\/uploads\/img_a310180_w1944_t1521111158.jpg","height":0,"width":0},"wordCount":496,"keywords":null},{"@type":"Article","@id":"https:\/\/www.naab.cz\/na-nas-se-muzete-spolehnout\/","headline":"Na n\u00e1s se m\u016f\u017eete spolehnout","url":"https:\/\/www.naab.cz\/na-nas-se-muzete-spolehnout\/","datePublished":"2018-01-20","dateModified":"2018-01-20","mainEntityOfPage":"https:\/\/www.naab.cz\/na-nas-se-muzete-spolehnout\/","author":{"@type":"Person","@id":"https:\/\/www.naab.cz\/author\/#Person","name":"","url":"https:\/\/www.naab.cz\/author\/","identifier":1,"image":{"@type":"ImageObject","@id":"https:\/\/secure.gravatar.com\/avatar\/091b4d684e9af597ec9885a078917281e353fb1084ff05c94355123dbb14e899?s=96&d=mm&r=g","url":"https:\/\/secure.gravatar.com\/avatar\/091b4d684e9af597ec9885a078917281e353fb1084ff05c94355123dbb14e899?s=96&d=mm&r=g","height":96,"width":96}},"publisher":{"@type":"Organization","name":"naab.cz","logo":{"@type":"ImageObject","@id":"\/logo.png","url":"\/logo.png","width":600,"height":60}},"image":{"@type":"ImageObject","@id":"https:\/\/www.naab.cz\/wp-content\/uploads\/img_a310130_w2187_t1521103049.jpg","url":"https:\/\/www.naab.cz\/wp-content\/uploads\/img_a310130_w2187_t1521103049.jpg","height":0,"width":0},"wordCount":547,"keywords":null},{"@type":"Article","@id":"https:\/\/www.naab.cz\/jak-si-odpocinout-a-nezhuntovat-si-pritom-zada\/","headline":"Jak si odpo\u010dinout a nezhuntovat si p\u0159itom z\u00e1da","url":"https:\/\/www.naab.cz\/jak-si-odpocinout-a-nezhuntovat-si-pritom-zada\/","datePublished":"2018-01-18","dateModified":"2018-01-18","mainEntityOfPage":"https:\/\/www.naab.cz\/jak-si-odpocinout-a-nezhuntovat-si-pritom-zada\/","author":{"@type":"Person","@id":"https:\/\/www.naab.cz\/author\/#Person","name":"","url":"https:\/\/www.naab.cz\/author\/","identifier":1,"image":{"@type":"ImageObject","@id":"https:\/\/secure.gravatar.com\/avatar\/091b4d684e9af597ec9885a078917281e353fb1084ff05c94355123dbb14e899?s=96&d=mm&r=g","url":"https:\/\/secure.gravatar.com\/avatar\/091b4d684e9af597ec9885a078917281e353fb1084ff05c94355123dbb14e899?s=96&d=mm&r=g","height":96,"width":96}},"publisher":{"@type":"Organization","name":"naab.cz","logo":{"@type":"ImageObject","@id":"\/logo.png","url":"\/logo.png","width":600,"height":60}},"image":{"@type":"ImageObject","@id":"https:\/\/www.naab.cz\/wp-content\/uploads\/img_a310017_w2435_t1520953637.jpg","url":"https:\/\/www.naab.cz\/wp-content\/uploads\/img_a310017_w2435_t1520953637.jpg","height":0,"width":0},"wordCount":562,"keywords":null},{"@type":"Article","@id":"https:\/\/www.naab.cz\/drevena-pergola-zaujima-na-zahrade-velice-dulezite-misto\/","headline":"D\u0159ev\u011bn\u00e1 pergola zauj\u00edm\u00e1 na zahrad\u011b velice d\u016fle\u017eit\u00e9 m\u00edsto","url":"https:\/\/www.naab.cz\/drevena-pergola-zaujima-na-zahrade-velice-dulezite-misto\/","datePublished":"2018-01-17","dateModified":"2018-01-17","mainEntityOfPage":"https:\/\/www.naab.cz\/drevena-pergola-zaujima-na-zahrade-velice-dulezite-misto\/","author":{"@type":"Person","@id":"https:\/\/www.naab.cz\/author\/#Person","name":"","url":"https:\/\/www.naab.cz\/author\/","identifier":1,"image":{"@type":"ImageObject","@id":"https:\/\/secure.gravatar.com\/avatar\/091b4d684e9af597ec9885a078917281e353fb1084ff05c94355123dbb14e899?s=96&d=mm&r=g","url":"https:\/\/secure.gravatar.com\/avatar\/091b4d684e9af597ec9885a078917281e353fb1084ff05c94355123dbb14e899?s=96&d=mm&r=g","height":96,"width":96}},"publisher":{"@type":"Organization","name":"naab.cz","logo":{"@type":"ImageObject","@id":"\/logo.png","url":"\/logo.png","width":600,"height":60}},"image":{"@type":"ImageObject","@id":"https:\/\/www.naab.cz\/wp-content\/uploads\/img_a309393_w2195_t1520326535.jpg","url":"https:\/\/www.naab.cz\/wp-content\/uploads\/img_a309393_w2195_t1520326535.jpg","height":0,"width":0},"wordCount":540,"keywords":null}]},{"@context":"https:\/\/schema.org","@type":"WebSite","@id":"https:\/\/www.naab.cz\/#website","name":"Naab","url":"https:\/\/www.naab.cz","potentialAction":{"@type":"SearchAction","target":"https:\/\/www.naab.cz\/?s={search_term_string}","query-input":"required name=search_term_string"}}]