[{"@context":"https:\/\/schema.org\/","@type":"Blog","@id":"https:\/\/www.naab.cz#Blog","headline":"Naab","description":"\nJsou weby, na kter\u00fdch \u010dlov\u011bk nenalezne uspokojen\u00ed sv\u00fdch pot\u0159eb, a jsou i ty, na jejich\u017e vyu\u017eit\u00ed doplat\u00ed. Ale to ur\u010dit\u011b nen\u00ed p\u0159\u00edpad tohoto webu.","url":"https:\/\/www.naab.cz","hasPart":[{"@type":"Article","@id":"https:\/\/www.naab.cz\/5g-internet-jak-ovlivni-web-designery\/","headline":"5G internet: Jak ovlivn\u00ed web designery?","url":"https:\/\/www.naab.cz\/5g-internet-jak-ovlivni-web-designery\/","datePublished":"2020-01-08","dateModified":"2020-01-08","mainEntityOfPage":"https:\/\/www.naab.cz\/5g-internet-jak-ovlivni-web-designery\/","author":{"@type":"Person","@id":"https:\/\/www.naab.cz\/author\/#Person","name":"","url":"https:\/\/www.naab.cz\/author\/","identifier":1,"image":{"@type":"ImageObject","@id":"https:\/\/secure.gravatar.com\/avatar\/091b4d684e9af597ec9885a078917281e353fb1084ff05c94355123dbb14e899?s=96&d=mm&r=g","url":"https:\/\/secure.gravatar.com\/avatar\/091b4d684e9af597ec9885a078917281e353fb1084ff05c94355123dbb14e899?s=96&d=mm&r=g","height":96,"width":96}},"publisher":{"@type":"Organization","name":"naab.cz","logo":{"@type":"ImageObject","@id":"\/logo.png","url":"\/logo.png","width":600,"height":60}},"image":{"@type":"ImageObject","@id":"https:\/\/www.naab.cz\/wp-content\/uploads\/img_a367932_w3411_t1580319977.jpg","url":"https:\/\/www.naab.cz\/wp-content\/uploads\/img_a367932_w3411_t1580319977.jpg","height":0,"width":0},"wordCount":510,"keywords":null},{"@type":"Article","@id":"https:\/\/www.naab.cz\/infekce-zenskych-organu\/","headline":"Infekce \u017eensk\u00fdch org\u00e1n\u016f","url":"https:\/\/www.naab.cz\/infekce-zenskych-organu\/","datePublished":"2020-01-06","dateModified":"2020-01-06","mainEntityOfPage":"https:\/\/www.naab.cz\/infekce-zenskych-organu\/","author":{"@type":"Person","@id":"https:\/\/www.naab.cz\/author\/#Person","name":"","url":"https:\/\/www.naab.cz\/author\/","identifier":1,"image":{"@type":"ImageObject","@id":"https:\/\/secure.gravatar.com\/avatar\/091b4d684e9af597ec9885a078917281e353fb1084ff05c94355123dbb14e899?s=96&d=mm&r=g","url":"https:\/\/secure.gravatar.com\/avatar\/091b4d684e9af597ec9885a078917281e353fb1084ff05c94355123dbb14e899?s=96&d=mm&r=g","height":96,"width":96}},"publisher":{"@type":"Organization","name":"naab.cz","logo":{"@type":"ImageObject","@id":"\/logo.png","url":"\/logo.png","width":600,"height":60}},"image":{"@type":"ImageObject","@id":"https:\/\/www.naab.cz\/wp-content\/uploads\/img_a367671_w3618_t1580196466.jpg","url":"https:\/\/www.naab.cz\/wp-content\/uploads\/img_a367671_w3618_t1580196466.jpg","height":0,"width":0},"wordCount":492,"keywords":null},{"@type":"Article","@id":"https:\/\/www.naab.cz\/pro-jednodussi-praci-v-kuchyni\/","headline":"Pro jednodu\u0161\u0161\u00ed pr\u00e1ci v kuchyni","url":"https:\/\/www.naab.cz\/pro-jednodussi-praci-v-kuchyni\/","datePublished":"2020-01-04","dateModified":"2020-01-04","mainEntityOfPage":"https:\/\/www.naab.cz\/pro-jednodussi-praci-v-kuchyni\/","author":{"@type":"Person","@id":"https:\/\/www.naab.cz\/author\/#Person","name":"","url":"https:\/\/www.naab.cz\/author\/","identifier":1,"image":{"@type":"ImageObject","@id":"https:\/\/secure.gravatar.com\/avatar\/091b4d684e9af597ec9885a078917281e353fb1084ff05c94355123dbb14e899?s=96&d=mm&r=g","url":"https:\/\/secure.gravatar.com\/avatar\/091b4d684e9af597ec9885a078917281e353fb1084ff05c94355123dbb14e899?s=96&d=mm&r=g","height":96,"width":96}},"publisher":{"@type":"Organization","name":"naab.cz","logo":{"@type":"ImageObject","@id":"\/logo.png","url":"\/logo.png","width":600,"height":60}},"image":{"@type":"ImageObject","@id":"https:\/\/www.naab.cz\/wp-content\/uploads\/img_a346007_w2489_t1560010897.jpg","url":"https:\/\/www.naab.cz\/wp-content\/uploads\/img_a346007_w2489_t1560010897.jpg","height":0,"width":0},"wordCount":4457,"keywords":null},{"@type":"Article","@id":"https:\/\/www.naab.cz\/genderove-stereotypy-v-pohadkach\/","headline":"Genderov\u00e9 stereotypy v poh\u00e1dk\u00e1ch","url":"https:\/\/www.naab.cz\/genderove-stereotypy-v-pohadkach\/","datePublished":"2019-12-23","dateModified":"2019-12-23","mainEntityOfPage":"https:\/\/www.naab.cz\/genderove-stereotypy-v-pohadkach\/","author":{"@type":"Person","@id":"https:\/\/www.naab.cz\/author\/#Person","name":"","url":"https:\/\/www.naab.cz\/author\/","identifier":1,"image":{"@type":"ImageObject","@id":"https:\/\/secure.gravatar.com\/avatar\/091b4d684e9af597ec9885a078917281e353fb1084ff05c94355123dbb14e899?s=96&d=mm&r=g","url":"https:\/\/secure.gravatar.com\/avatar\/091b4d684e9af597ec9885a078917281e353fb1084ff05c94355123dbb14e899?s=96&d=mm&r=g","height":96,"width":96}},"publisher":{"@type":"Organization","name":"naab.cz","logo":{"@type":"ImageObject","@id":"\/logo.png","url":"\/logo.png","width":600,"height":60}},"image":{"@type":"ImageObject","@id":"https:\/\/www.naab.cz\/wp-content\/uploads\/img_a364220_w4219_t1576924038.jpg","url":"https:\/\/www.naab.cz\/wp-content\/uploads\/img_a364220_w4219_t1576924038.jpg","height":0,"width":0},"wordCount":527,"keywords":null},{"@type":"Article","@id":"https:\/\/www.naab.cz\/horsefeathers-ceska-znacka-ktera-obleka-svet\/","headline":"Horsefeathers: \u010desk\u00e1 zna\u010dka, kter\u00e1 obl\u00e9k\u00e1 sv\u011bt","url":"https:\/\/www.naab.cz\/horsefeathers-ceska-znacka-ktera-obleka-svet\/","datePublished":"2019-12-04","dateModified":"2019-12-04","mainEntityOfPage":"https:\/\/www.naab.cz\/horsefeathers-ceska-znacka-ktera-obleka-svet\/","author":{"@type":"Person","@id":"https:\/\/www.naab.cz\/author\/#Person","name":"","url":"https:\/\/www.naab.cz\/author\/","identifier":1,"image":{"@type":"ImageObject","@id":"https:\/\/secure.gravatar.com\/avatar\/091b4d684e9af597ec9885a078917281e353fb1084ff05c94355123dbb14e899?s=96&d=mm&r=g","url":"https:\/\/secure.gravatar.com\/avatar\/091b4d684e9af597ec9885a078917281e353fb1084ff05c94355123dbb14e899?s=96&d=mm&r=g","height":96,"width":96}},"publisher":{"@type":"Organization","name":"naab.cz","logo":{"@type":"ImageObject","@id":"\/logo.png","url":"\/logo.png","width":600,"height":60}},"image":{"@type":"ImageObject","@id":"https:\/\/www.naab.cz\/wp-content\/uploads\/img_a364198_w4271_t1576920360.jpg","url":"https:\/\/www.naab.cz\/wp-content\/uploads\/img_a364198_w4271_t1576920360.jpg","height":0,"width":0},"wordCount":495,"keywords":null},{"@type":"Article","@id":"https:\/\/www.naab.cz\/nemecti-zemedelci-protestuji-v-berline\/","headline":"N\u011bme\u010dt\u00ed zem\u011bd\u011blci protestuj\u00ed v Berl\u00edn\u011b","url":"https:\/\/www.naab.cz\/nemecti-zemedelci-protestuji-v-berline\/","datePublished":"2019-11-07","dateModified":"2019-11-07","mainEntityOfPage":"https:\/\/www.naab.cz\/nemecti-zemedelci-protestuji-v-berline\/","author":{"@type":"Person","@id":"https:\/\/www.naab.cz\/author\/#Person","name":"","url":"https:\/\/www.naab.cz\/author\/","identifier":1,"image":{"@type":"ImageObject","@id":"https:\/\/secure.gravatar.com\/avatar\/091b4d684e9af597ec9885a078917281e353fb1084ff05c94355123dbb14e899?s=96&d=mm&r=g","url":"https:\/\/secure.gravatar.com\/avatar\/091b4d684e9af597ec9885a078917281e353fb1084ff05c94355123dbb14e899?s=96&d=mm&r=g","height":96,"width":96}},"publisher":{"@type":"Organization","name":"naab.cz","logo":{"@type":"ImageObject","@id":"\/logo.png","url":"\/logo.png","width":600,"height":60}},"image":{"@type":"ImageObject","@id":"https:\/\/www.naab.cz\/wp-content\/uploads\/img_a362061_w4366_t1575054741.jpg","url":"https:\/\/www.naab.cz\/wp-content\/uploads\/img_a362061_w4366_t1575054741.jpg","height":0,"width":0},"wordCount":494,"keywords":null},{"@type":"Article","@id":"https:\/\/www.naab.cz\/sberatelstvi-jako-hobby\/","headline":"Sb\u011bratelstv\u00ed jako hobby","url":"https:\/\/www.naab.cz\/sberatelstvi-jako-hobby\/","datePublished":"2019-10-13","dateModified":"2019-10-13","mainEntityOfPage":"https:\/\/www.naab.cz\/sberatelstvi-jako-hobby\/","author":{"@type":"Person","@id":"https:\/\/www.naab.cz\/author\/#Person","name":"","url":"https:\/\/www.naab.cz\/author\/","identifier":1,"image":{"@type":"ImageObject","@id":"https:\/\/secure.gravatar.com\/avatar\/091b4d684e9af597ec9885a078917281e353fb1084ff05c94355123dbb14e899?s=96&d=mm&r=g","url":"https:\/\/secure.gravatar.com\/avatar\/091b4d684e9af597ec9885a078917281e353fb1084ff05c94355123dbb14e899?s=96&d=mm&r=g","height":96,"width":96}},"publisher":{"@type":"Organization","name":"naab.cz","logo":{"@type":"ImageObject","@id":"\/logo.png","url":"\/logo.png","width":600,"height":60}},"image":{"@type":"ImageObject","@id":"https:\/\/www.naab.cz\/wp-content\/uploads\/img_a356980_w3621_t1571655450.jpg","url":"https:\/\/www.naab.cz\/wp-content\/uploads\/img_a356980_w3621_t1571655450.jpg","height":0,"width":0},"wordCount":556,"keywords":null},{"@type":"Article","@id":"https:\/\/www.naab.cz\/zacnete-s-tim-proc-chcete-byt-uspesni\/","headline":"Za\u010dn\u011bte s t\u00edm, pro\u010d chcete b\u00fdt \u00fasp\u011b\u0161n\u00ed","url":"https:\/\/www.naab.cz\/zacnete-s-tim-proc-chcete-byt-uspesni\/","datePublished":"2019-07-12","dateModified":"2019-07-12","mainEntityOfPage":"https:\/\/www.naab.cz\/zacnete-s-tim-proc-chcete-byt-uspesni\/","author":{"@type":"Person","@id":"https:\/\/www.naab.cz\/author\/#Person","name":"","url":"https:\/\/www.naab.cz\/author\/","identifier":1,"image":{"@type":"ImageObject","@id":"https:\/\/secure.gravatar.com\/avatar\/091b4d684e9af597ec9885a078917281e353fb1084ff05c94355123dbb14e899?s=96&d=mm&r=g","url":"https:\/\/secure.gravatar.com\/avatar\/091b4d684e9af597ec9885a078917281e353fb1084ff05c94355123dbb14e899?s=96&d=mm&r=g","height":96,"width":96}},"publisher":{"@type":"Organization","name":"naab.cz","logo":{"@type":"ImageObject","@id":"\/logo.png","url":"\/logo.png","width":600,"height":60}},"image":{"@type":"ImageObject","@id":"https:\/\/www.naab.cz\/wp-content\/uploads\/img_a349826_w2281_t1564849733.jpg","url":"https:\/\/www.naab.cz\/wp-content\/uploads\/img_a349826_w2281_t1564849733.jpg","height":0,"width":0},"wordCount":568,"keywords":null},{"@type":"Article","@id":"https:\/\/www.naab.cz\/internetove-kurzy-jsou-dnes-in\/","headline":"Internetov\u00e9 kurzy jsou dnes in","url":"https:\/\/www.naab.cz\/internetove-kurzy-jsou-dnes-in\/","datePublished":"2019-06-12","dateModified":"2019-06-12","mainEntityOfPage":"https:\/\/www.naab.cz\/internetove-kurzy-jsou-dnes-in\/","author":{"@type":"Person","@id":"https:\/\/www.naab.cz\/author\/#Person","name":"","url":"https:\/\/www.naab.cz\/author\/","identifier":1,"image":{"@type":"ImageObject","@id":"https:\/\/secure.gravatar.com\/avatar\/091b4d684e9af597ec9885a078917281e353fb1084ff05c94355123dbb14e899?s=96&d=mm&r=g","url":"https:\/\/secure.gravatar.com\/avatar\/091b4d684e9af597ec9885a078917281e353fb1084ff05c94355123dbb14e899?s=96&d=mm&r=g","height":96,"width":96}},"publisher":{"@type":"Organization","name":"naab.cz","logo":{"@type":"ImageObject","@id":"\/logo.png","url":"\/logo.png","width":600,"height":60}},"image":{"@type":"ImageObject","@id":"https:\/\/www.naab.cz\/wp-content\/uploads\/img_a349133_w2298_t1563982168.jpg","url":"https:\/\/www.naab.cz\/wp-content\/uploads\/img_a349133_w2298_t1563982168.jpg","height":0,"width":0},"wordCount":622,"keywords":null},{"@type":"Article","@id":"https:\/\/www.naab.cz\/druhy-rozkladacich-pohovek-a-jejich-vyber\/","headline":"Druhy rozkl\u00e1dac\u00edch pohovek a jejich v\u00fdb\u011br","url":"https:\/\/www.naab.cz\/druhy-rozkladacich-pohovek-a-jejich-vyber\/","datePublished":"2019-04-23","dateModified":"2019-04-23","mainEntityOfPage":"https:\/\/www.naab.cz\/druhy-rozkladacich-pohovek-a-jejich-vyber\/","author":{"@type":"Person","@id":"https:\/\/www.naab.cz\/author\/#Person","name":"","url":"https:\/\/www.naab.cz\/author\/","identifier":1,"image":{"@type":"ImageObject","@id":"https:\/\/secure.gravatar.com\/avatar\/091b4d684e9af597ec9885a078917281e353fb1084ff05c94355123dbb14e899?s=96&d=mm&r=g","url":"https:\/\/secure.gravatar.com\/avatar\/091b4d684e9af597ec9885a078917281e353fb1084ff05c94355123dbb14e899?s=96&d=mm&r=g","height":96,"width":96}},"publisher":{"@type":"Organization","name":"naab.cz","logo":{"@type":"ImageObject","@id":"\/logo.png","url":"\/logo.png","width":600,"height":60}},"image":{"@type":"ImageObject","@id":"https:\/\/www.naab.cz\/wp-content\/uploads\/img_a342452_w1711_t1555240931.jpg","url":"https:\/\/www.naab.cz\/wp-content\/uploads\/img_a342452_w1711_t1555240931.jpg","height":0,"width":0},"wordCount":478,"keywords":null}]},{"@context":"https:\/\/schema.org","@type":"WebSite","@id":"https:\/\/www.naab.cz\/#website","name":"Naab","url":"https:\/\/www.naab.cz","potentialAction":{"@type":"SearchAction","target":"https:\/\/www.naab.cz\/?s={search_term_string}","query-input":"required name=search_term_string"}}]